{"id":27908,"date":"2017-04-11T15:27:45","date_gmt":"2017-04-11T12:27:45","guid":{"rendered":"https:\/\/jazzkaar.ee\/jazzkaar-offers-free-jazz-talks-for-the-third-year\/"},"modified":"2017-04-11T15:27:45","modified_gmt":"2017-04-11T12:27:45","slug":"jazzkaar-offers-free-jazz-talks-for-the-third-year","status":"publish","type":"post","link":"https:\/\/jazzkaar.ee\/en\/jazzkaar-offers-free-jazz-talks-for-the-third-year\/","title":{"rendered":"Jazzkaar offers free jazz talks for the third year!"},"content":{"rendered":"","protected":false},"excerpt":{"rendered":"","protected":false},"author":1,"featured_media":0,"comment_status":"closed","ping_status":"closed","sticky":false,"template":"","format":"standard","meta":{"_acf_changed":false,"footnotes":""},"categories":[1500],"tags":[],"class_list":["post-27908","post","type-post","status-publish","format-standard","hentry","category-news"],"acf":{"image":{"ID":4253,"id":4253,"title":"jazz-talks_26529331771_o.jpg","filename":"jazz-talks_26529331771_o.jpg","filesize":184842,"url":"https:\/\/www.jazzkaar.ee\/wp-content\/uploads\/2021\/02\/jazz-talks_26529331771_o.jpg","link":"https:\/\/jazzkaar.ee\/en\/jazzkaar-offers-free-jazz-talks-for-the-third-year\/jazz-talks_26529331771_o-jpg-2\/","alt":"","author":"1","description":"","caption":"","name":"jazz-talks_26529331771_o-jpg-2","status":"inherit","uploaded_to":27908,"date":"2021-02-06 15:27:41","modified":"2021-02-06 21:39:38","menu_order":0,"mime_type":"image\/jpeg","type":"image","subtype":"jpeg","icon":"https:\/\/jazzkaar.ee\/wp-includes\/images\/media\/default.png","width":2000,"height":1333,"sizes":{"thumbnail":"https:\/\/www.jazzkaar.ee\/wp-content\/uploads\/2021\/02\/jazz-talks_26529331771_o-150x150.jpg","thumbnail-width":150,"thumbnail-height":150,"medium":"https:\/\/www.jazzkaar.ee\/wp-content\/uploads\/2021\/02\/jazz-talks_26529331771_o-300x200.jpg","medium-width":300,"medium-height":200,"medium_large":"https:\/\/www.jazzkaar.ee\/wp-content\/uploads\/2021\/02\/jazz-talks_26529331771_o-768x512.jpg","medium_large-width":768,"medium_large-height":512,"large":"https:\/\/www.jazzkaar.ee\/wp-content\/uploads\/2021\/02\/jazz-talks_26529331771_o-1024x682.jpg","large-width":1024,"large-height":682,"1536x1536":"https:\/\/www.jazzkaar.ee\/wp-content\/uploads\/2021\/02\/jazz-talks_26529331771_o-1536x1024.jpg","1536x1536-width":1536,"1536x1536-height":1024,"2048x2048":"https:\/\/www.jazzkaar.ee\/wp-content\/uploads\/2021\/02\/jazz-talks_26529331771_o.jpg","2048x2048-width":2000,"2048x2048-height":1333,"image_640px":"https:\/\/www.jazzkaar.ee\/wp-content\/uploads\/2021\/02\/jazz-talks_26529331771_o-640x427.jpg","image_640px-width":640,"image_640px-height":427,"image_768px":"https:\/\/www.jazzkaar.ee\/wp-content\/uploads\/2021\/02\/jazz-talks_26529331771_o-768x512.jpg","image_768px-width":768,"image_768px-height":512,"image_1024px":"https:\/\/www.jazzkaar.ee\/wp-content\/uploads\/2021\/02\/jazz-talks_26529331771_o-1024x682.jpg","image_1024px-width":1024,"image_1024px-height":682,"image_1280px":"https:\/\/www.jazzkaar.ee\/wp-content\/uploads\/2021\/02\/jazz-talks_26529331771_o-1280x853.jpg","image_1280px-width":1280,"image_1280px-height":853,"image_1366px":"https:\/\/www.jazzkaar.ee\/wp-content\/uploads\/2021\/02\/jazz-talks_26529331771_o-1366x910.jpg","image_1366px-width":1366,"image_1366px-height":910,"image_1600px":"https:\/\/www.jazzkaar.ee\/wp-content\/uploads\/2021\/02\/jazz-talks_26529331771_o-1600x1066.jpg","image_1600px-width":1600,"image_1600px-height":1066,"image_1920px":"https:\/\/www.jazzkaar.ee\/wp-content\/uploads\/2021\/02\/jazz-talks_26529331771_o-1920x1280.jpg","image_1920px-width":1920,"image_1920px-height":1280,"image_2400px":"https:\/\/www.jazzkaar.ee\/wp-content\/uploads\/2021\/02\/jazz-talks_26529331771_o.jpg","image_2400px-width":2000,"image_2400px-height":1333,"woocommerce_thumbnail":"https:\/\/www.jazzkaar.ee\/wp-content\/uploads\/2021\/02\/jazz-talks_26529331771_o-415x415.jpg","woocommerce_thumbnail-width":415,"woocommerce_thumbnail-height":415,"woocommerce_single":"https:\/\/www.jazzkaar.ee\/wp-content\/uploads\/2021\/02\/jazz-talks_26529331771_o-600x400.jpg","woocommerce_single-width":600,"woocommerce_single-height":400,"woocommerce_gallery_thumbnail":"https:\/\/www.jazzkaar.ee\/wp-content\/uploads\/2021\/02\/jazz-talks_26529331771_o-100x100.jpg","woocommerce_gallery_thumbnail-width":100,"woocommerce_gallery_thumbnail-height":100}},"author":"","content":"<p>&nbsp;<\/p>\n<p>Jazz Talks are a forum for representatives of other jazz festivals and journalists from Estonia and abroad, supporters and melomaniacs. This year\u2019s topics include music journalism, management, \u201cTallinn-67\u201d and behind-the-scenes life of the music industry. Come and be part of interesting free panel conversations on 22nd, 23rd, 25th and 28th of April in Punane Maja and Safran.<\/p>\n<p>&nbsp;<\/p>\n<p>Sat 22\/04 at16.00 Punane Maja<\/p>\n<p>&#8220;Tallinn-67&#8243;<\/p>\n<p>Speakers: T\u00f5nu Sal-Saller, Jaan R\u00f5\u00f5mus, Reet Linna, Anne Erm<\/p>\n<p>Language: Estonian<\/p>\n<p>&nbsp;<\/p>\n<p>A special project is dedicated to the 50th anniversary of the international jazz festival Tallinn-67, which marked an important moment in the music life of Estonia and the Soviet Union in 1967. The event that reached the front page of New York Times featured the by now legendary Charles Lloyd Quartet. However, since the powers that be feared to impose a strong Western influence on the Soviet people, this festival was to be the last of the tradition that had begun in 1949.<\/p>\n<p>&nbsp;<\/p>\n<p>&nbsp;<\/p>\n<p>Sun 23.04 at 14.00 Safran<\/p>\n<p>Viljandi Vibes: \u201cArtist special: Elina Hokkanen &amp; Johannes Laas&#8221;<\/p>\n<p>Speakers: Elina Hokkanen, Johannes Laas, Stuart Garlick<br \/>\nLanguage: English<\/p>\n<p>&nbsp;<\/p>\n<p>&nbsp;<\/p>\n<p>This artist special is part of the jazz talks and will be filmed by Viljandi Vibes. The conversation will be in English and led by Stuart Garlick.<\/p>\n<p>&nbsp;<\/p>\n<p>The talented Elina Hokkanen and Johannes Laas have performed and written music together for the past four years, including the years together in Innersound. Now they have decided to perform as a duo in addition to making music with different collectives. This concert-conversation will showcase Elina\u2019s new creations.<\/p>\n<p>&nbsp;<\/p>\n<p>Sun 23.04 at 18.00 Punane Maja<\/p>\n<p>Viljandi Vibes: \u201cArtist special: Kadri Voorand &amp; Mihkel M\u00e4lgand&#8221;<\/p>\n<p>Speakers: Kadri Voorand, Mihkel M\u00e4lgand, Stuart Garlick<br \/>\nLanguage: English<\/p>\n<p>&nbsp;<\/p>\n<p>&nbsp;<\/p>\n<p>This artist special is part of the jazz talks and will be filmed by Viljandi Vibes. The conversation will be at 17.50 in English and led by Stuart Garlick. The duo\u2019s live will start at 18.00.<\/p>\n<p>&nbsp;<\/p>\n<p>Kadri Voorand is a well-established vocalist and composer, Mihkel M\u00e4lgand is one of the most active bass players in Estonia. Together they have formed a duo, playing mostly original music, skillfully composed material for piano, bass and voice that&#8217;s open for improvisation, illustrated with ambient electronic effects, while using both Estonian poetry and original texts. They have previously played together in Kadri Voorand Group, which played concerts both in Estonia and abroad, including Pori Jazz, Jazz Baltica etc.<br \/>\n&nbsp;<\/p>\n<p>Tue 25.04 at 17.00 Punane Maja<\/p>\n<p>\u201cFookus Live: What does it take to manage an artists&#8217; career in 2017 and beyond?\u201d<\/p>\n<p>Speakers: Pia Raitala, Virgo Sillamaa, Charles Gil, Raimo Matvere<br \/>\nLanguage: English<\/p>\n<p>&nbsp;<\/p>\n<p>This jazz talk is in collaboration with Music Estonia.<\/p>\n<p>&nbsp;<\/p>\n<p>&nbsp;<\/p>\n<p>&nbsp;<\/p>\n<p>Raitala Music Ltd is a brand new management and booking agency for some of Finland&#8217;s most well-known musicians in the field of jazz and pop music. Before starting her own company, Pia Raitala worked as an Artist Manager for over 10 years. The top-notch artists include pianist Aki Rissanen, saxophonist Jukka Perko, jazz ensemble Ricky-Tick Big Band and vibraphonist Panu Savolainen to name a few.<\/p>\n<p>&nbsp;<\/p>\n<p>Virgo Sillamaa is the board member and director of the new Estonian music export office and industry association Music Estonia. A long time freelance jazz guitarist he had been active on the Estonian improvised music scene for more than ten years and is now managing AVARUS, a company built around promoting and advancing the careers of some of the most prominent improvisers\/composers in Estonian jazz scene.<\/p>\n<p>&nbsp;<\/p>\n<p>Charles Gil and his agency Vapaat \u00e4\u00e4net (Finnish for Free Voices\/Free Sounds) promotes and develops the exchange of jazz and improvised music between France, Finland, the Baltic countries and the whole Nordic region. The agency works with passion and respect for adventurous music and its creators, helping them to meet new audiences. Over the years Vapaat \u00e4\u00e4net has steadfastly built up a substantial network of promoters in Northern Europe.<\/p>\n<p>&nbsp;<\/p>\n<p>Moderator is Raimo Matvere.<\/p>\n<p>&nbsp;<\/p>\n<p>&nbsp;<\/p>\n<p>Fri 28.04 at 17.00\u00a0Punane Maja<\/p>\n<p>\u201cMusic journalism \u2013 a friend or a foe of the musician?\u201d<\/p>\n<p>Speakers: Andrey Henkin, Ammar Kalia, Stuart Garlick<br \/>\nLanguage: English<\/p>\n<p>&nbsp;<\/p>\n<p>&nbsp;<\/p>\n<p>Andrey Henkin is the editorial director of the online magazine New York Jazz Record which covers good amount of jazz news from all over the world. Henkin is the expert in whose listings every musician would like to be. Besides writing reviews, interviews and other music news he is also doing creative writing, sculptures and graffiti pictures. He has been also active in writing for Allaboutjazz.<\/p>\n<p>&nbsp;<\/p>\n<p>Ammar Kalia is a music writer and has written for Clash, Hero Magazine, Tank Magazine, Jazz Standard, The Guardian, The Morning Star, The Quietus, etc.<\/p>\n<p>&nbsp;<\/p>\n<p>The jazz talk is moderated by the journalist Stuart Garlick (Charm Offensive).<\/p>\n<p>&nbsp;<\/p>\n<p>This jazz talk is funded by Baltic-American Freedom Foundation. Visit the website: \u00a0<a href=\"http:\/\/www.balticamericanfreedomfoundation.org\">www.balticamericanfreedomfoundation.org<\/a><\/p>\n<p>&nbsp;<\/p>\n<p>&nbsp;<\/p>\n"},"yoast_head":"<!-- This site is optimized with the Yoast SEO plugin v27.3 - https:\/\/yoast.com\/product\/yoast-seo-wordpress\/ -->\n<title>Jazzkaar offers free jazz talks for the third year! - Festival Jazzkaar<\/title>\n<meta name=\"robots\" content=\"index, follow, max-snippet:-1, max-image-preview:large, max-video-preview:-1\" \/>\n<link rel=\"canonical\" href=\"https:\/\/jazzkaar.ee\/en\/jazzkaar-offers-free-jazz-talks-for-the-third-year\/\" \/>\n<meta property=\"og:locale\" content=\"en_US\" \/>\n<meta property=\"og:type\" content=\"article\" \/>\n<meta property=\"og:title\" content=\"Jazzkaar offers free jazz talks for the third year! - Festival Jazzkaar\" \/>\n<meta property=\"og:url\" content=\"https:\/\/jazzkaar.ee\/en\/jazzkaar-offers-free-jazz-talks-for-the-third-year\/\" \/>\n<meta property=\"og:site_name\" content=\"Festival Jazzkaar\" \/>\n<meta property=\"article:published_time\" content=\"2017-04-11T12:27:45+00:00\" \/>\n<meta property=\"og:image\" content=\"http:\/\/default\" \/>\n<meta name=\"author\" content=\"gert\" \/>\n<meta name=\"twitter:card\" content=\"summary_large_image\" \/>\n<meta name=\"twitter:label1\" content=\"Written by\" \/>\n\t<meta name=\"twitter:data1\" content=\"gert\" \/>\n<script type=\"application\/ld+json\" class=\"yoast-schema-graph\">{\"@context\":\"https:\\\/\\\/schema.org\",\"@graph\":[{\"@type\":\"Article\",\"@id\":\"https:\\\/\\\/jazzkaar.ee\\\/en\\\/jazzkaar-offers-free-jazz-talks-for-the-third-year\\\/#article\",\"isPartOf\":{\"@id\":\"https:\\\/\\\/jazzkaar.ee\\\/en\\\/jazzkaar-offers-free-jazz-talks-for-the-third-year\\\/\"},\"author\":{\"name\":\"gert\",\"@id\":\"https:\\\/\\\/www.jazzkaar.ee\\\/en\\\/#\\\/schema\\\/person\\\/ca80b0181f967376324f53e3baa75b15\"},\"headline\":\"Jazzkaar offers free jazz talks for the third year!\",\"datePublished\":\"2017-04-11T12:27:45+00:00\",\"mainEntityOfPage\":{\"@id\":\"https:\\\/\\\/jazzkaar.ee\\\/en\\\/jazzkaar-offers-free-jazz-talks-for-the-third-year\\\/\"},\"wordCount\":9,\"publisher\":{\"@id\":\"https:\\\/\\\/www.jazzkaar.ee\\\/en\\\/#organization\"},\"articleSection\":[\"News\"],\"inLanguage\":\"en-US\"},{\"@type\":\"WebPage\",\"@id\":\"https:\\\/\\\/jazzkaar.ee\\\/en\\\/jazzkaar-offers-free-jazz-talks-for-the-third-year\\\/\",\"url\":\"https:\\\/\\\/jazzkaar.ee\\\/en\\\/jazzkaar-offers-free-jazz-talks-for-the-third-year\\\/\",\"name\":\"Jazzkaar offers free jazz talks for the third year! - Festival Jazzkaar\",\"isPartOf\":{\"@id\":\"https:\\\/\\\/www.jazzkaar.ee\\\/en\\\/#website\"},\"datePublished\":\"2017-04-11T12:27:45+00:00\",\"breadcrumb\":{\"@id\":\"https:\\\/\\\/jazzkaar.ee\\\/en\\\/jazzkaar-offers-free-jazz-talks-for-the-third-year\\\/#breadcrumb\"},\"inLanguage\":\"en-US\",\"potentialAction\":[{\"@type\":\"ReadAction\",\"target\":[\"https:\\\/\\\/jazzkaar.ee\\\/en\\\/jazzkaar-offers-free-jazz-talks-for-the-third-year\\\/\"]}]},{\"@type\":\"BreadcrumbList\",\"@id\":\"https:\\\/\\\/jazzkaar.ee\\\/en\\\/jazzkaar-offers-free-jazz-talks-for-the-third-year\\\/#breadcrumb\",\"itemListElement\":[{\"@type\":\"ListItem\",\"position\":1,\"name\":\"Home\",\"item\":\"https:\\\/\\\/www.jazzkaar.ee\\\/en\\\/\"},{\"@type\":\"ListItem\",\"position\":2,\"name\":\"Jazzkaar offers free jazz talks for the third year!\"}]},{\"@type\":\"WebSite\",\"@id\":\"https:\\\/\\\/www.jazzkaar.ee\\\/en\\\/#website\",\"url\":\"https:\\\/\\\/www.jazzkaar.ee\\\/en\\\/\",\"name\":\"Festival Jazzkaar\",\"description\":\"\",\"publisher\":{\"@id\":\"https:\\\/\\\/www.jazzkaar.ee\\\/en\\\/#organization\"},\"potentialAction\":[{\"@type\":\"SearchAction\",\"target\":{\"@type\":\"EntryPoint\",\"urlTemplate\":\"https:\\\/\\\/www.jazzkaar.ee\\\/en\\\/?s={search_term_string}\"},\"query-input\":{\"@type\":\"PropertyValueSpecification\",\"valueRequired\":true,\"valueName\":\"search_term_string\"}}],\"inLanguage\":\"en-US\"},{\"@type\":\"Organization\",\"@id\":\"https:\\\/\\\/www.jazzkaar.ee\\\/en\\\/#organization\",\"name\":\"Festival Jazzkaar\",\"url\":\"https:\\\/\\\/www.jazzkaar.ee\\\/en\\\/\",\"logo\":{\"@type\":\"ImageObject\",\"inLanguage\":\"en-US\",\"@id\":\"https:\\\/\\\/www.jazzkaar.ee\\\/en\\\/#\\\/schema\\\/logo\\\/image\\\/\",\"url\":\"https:\\\/\\\/jazzkaar.ee\\\/wp-content\\\/uploads\\\/2022\\\/10\\\/Screenshot-2022-10-05-at-11.22.31.png\",\"contentUrl\":\"https:\\\/\\\/jazzkaar.ee\\\/wp-content\\\/uploads\\\/2022\\\/10\\\/Screenshot-2022-10-05-at-11.22.31.png\",\"width\":1210,\"height\":664,\"caption\":\"Festival Jazzkaar\"},\"image\":{\"@id\":\"https:\\\/\\\/www.jazzkaar.ee\\\/en\\\/#\\\/schema\\\/logo\\\/image\\\/\"}},{\"@type\":\"Person\",\"@id\":\"https:\\\/\\\/www.jazzkaar.ee\\\/en\\\/#\\\/schema\\\/person\\\/ca80b0181f967376324f53e3baa75b15\",\"name\":\"gert\",\"image\":{\"@type\":\"ImageObject\",\"inLanguage\":\"en-US\",\"@id\":\"https:\\\/\\\/secure.gravatar.com\\\/avatar\\\/2eb93c48c89c5cfc1d06c3490162f68736475055c038ff159041b19e0a2c7e4e?s=96&d=monsterid&r=g\",\"url\":\"https:\\\/\\\/secure.gravatar.com\\\/avatar\\\/2eb93c48c89c5cfc1d06c3490162f68736475055c038ff159041b19e0a2c7e4e?s=96&d=monsterid&r=g\",\"contentUrl\":\"https:\\\/\\\/secure.gravatar.com\\\/avatar\\\/2eb93c48c89c5cfc1d06c3490162f68736475055c038ff159041b19e0a2c7e4e?s=96&d=monsterid&r=g\",\"caption\":\"gert\"},\"sameAs\":[\"https:\\\/\\\/jazzkaar.ee\"],\"url\":\"https:\\\/\\\/jazzkaar.ee\\\/en\\\/author\\\/gert\\\/\"}]}<\/script>\n<!-- \/ Yoast SEO plugin. -->","yoast_head_json":{"title":"Jazzkaar offers free jazz talks for the third year! - Festival Jazzkaar","robots":{"index":"index","follow":"follow","max-snippet":"max-snippet:-1","max-image-preview":"max-image-preview:large","max-video-preview":"max-video-preview:-1"},"canonical":"https:\/\/jazzkaar.ee\/en\/jazzkaar-offers-free-jazz-talks-for-the-third-year\/","og_locale":"en_US","og_type":"article","og_title":"Jazzkaar offers free jazz talks for the third year! - Festival Jazzkaar","og_url":"https:\/\/jazzkaar.ee\/en\/jazzkaar-offers-free-jazz-talks-for-the-third-year\/","og_site_name":"Festival Jazzkaar","article_published_time":"2017-04-11T12:27:45+00:00","og_image":[{"url":"default","type":"","width":"","height":""}],"author":"gert","twitter_card":"summary_large_image","twitter_misc":{"Written by":"gert"},"schema":{"@context":"https:\/\/schema.org","@graph":[{"@type":"Article","@id":"https:\/\/jazzkaar.ee\/en\/jazzkaar-offers-free-jazz-talks-for-the-third-year\/#article","isPartOf":{"@id":"https:\/\/jazzkaar.ee\/en\/jazzkaar-offers-free-jazz-talks-for-the-third-year\/"},"author":{"name":"gert","@id":"https:\/\/www.jazzkaar.ee\/en\/#\/schema\/person\/ca80b0181f967376324f53e3baa75b15"},"headline":"Jazzkaar offers free jazz talks for the third year!","datePublished":"2017-04-11T12:27:45+00:00","mainEntityOfPage":{"@id":"https:\/\/jazzkaar.ee\/en\/jazzkaar-offers-free-jazz-talks-for-the-third-year\/"},"wordCount":9,"publisher":{"@id":"https:\/\/www.jazzkaar.ee\/en\/#organization"},"articleSection":["News"],"inLanguage":"en-US"},{"@type":"WebPage","@id":"https:\/\/jazzkaar.ee\/en\/jazzkaar-offers-free-jazz-talks-for-the-third-year\/","url":"https:\/\/jazzkaar.ee\/en\/jazzkaar-offers-free-jazz-talks-for-the-third-year\/","name":"Jazzkaar offers free jazz talks for the third year! - Festival Jazzkaar","isPartOf":{"@id":"https:\/\/www.jazzkaar.ee\/en\/#website"},"datePublished":"2017-04-11T12:27:45+00:00","breadcrumb":{"@id":"https:\/\/jazzkaar.ee\/en\/jazzkaar-offers-free-jazz-talks-for-the-third-year\/#breadcrumb"},"inLanguage":"en-US","potentialAction":[{"@type":"ReadAction","target":["https:\/\/jazzkaar.ee\/en\/jazzkaar-offers-free-jazz-talks-for-the-third-year\/"]}]},{"@type":"BreadcrumbList","@id":"https:\/\/jazzkaar.ee\/en\/jazzkaar-offers-free-jazz-talks-for-the-third-year\/#breadcrumb","itemListElement":[{"@type":"ListItem","position":1,"name":"Home","item":"https:\/\/www.jazzkaar.ee\/en\/"},{"@type":"ListItem","position":2,"name":"Jazzkaar offers free jazz talks for the third year!"}]},{"@type":"WebSite","@id":"https:\/\/www.jazzkaar.ee\/en\/#website","url":"https:\/\/www.jazzkaar.ee\/en\/","name":"Festival Jazzkaar","description":"","publisher":{"@id":"https:\/\/www.jazzkaar.ee\/en\/#organization"},"potentialAction":[{"@type":"SearchAction","target":{"@type":"EntryPoint","urlTemplate":"https:\/\/www.jazzkaar.ee\/en\/?s={search_term_string}"},"query-input":{"@type":"PropertyValueSpecification","valueRequired":true,"valueName":"search_term_string"}}],"inLanguage":"en-US"},{"@type":"Organization","@id":"https:\/\/www.jazzkaar.ee\/en\/#organization","name":"Festival Jazzkaar","url":"https:\/\/www.jazzkaar.ee\/en\/","logo":{"@type":"ImageObject","inLanguage":"en-US","@id":"https:\/\/www.jazzkaar.ee\/en\/#\/schema\/logo\/image\/","url":"https:\/\/jazzkaar.ee\/wp-content\/uploads\/2022\/10\/Screenshot-2022-10-05-at-11.22.31.png","contentUrl":"https:\/\/jazzkaar.ee\/wp-content\/uploads\/2022\/10\/Screenshot-2022-10-05-at-11.22.31.png","width":1210,"height":664,"caption":"Festival Jazzkaar"},"image":{"@id":"https:\/\/www.jazzkaar.ee\/en\/#\/schema\/logo\/image\/"}},{"@type":"Person","@id":"https:\/\/www.jazzkaar.ee\/en\/#\/schema\/person\/ca80b0181f967376324f53e3baa75b15","name":"gert","image":{"@type":"ImageObject","inLanguage":"en-US","@id":"https:\/\/secure.gravatar.com\/avatar\/2eb93c48c89c5cfc1d06c3490162f68736475055c038ff159041b19e0a2c7e4e?s=96&d=monsterid&r=g","url":"https:\/\/secure.gravatar.com\/avatar\/2eb93c48c89c5cfc1d06c3490162f68736475055c038ff159041b19e0a2c7e4e?s=96&d=monsterid&r=g","contentUrl":"https:\/\/secure.gravatar.com\/avatar\/2eb93c48c89c5cfc1d06c3490162f68736475055c038ff159041b19e0a2c7e4e?s=96&d=monsterid&r=g","caption":"gert"},"sameAs":["https:\/\/jazzkaar.ee"],"url":"https:\/\/jazzkaar.ee\/en\/author\/gert\/"}]}},"_links":{"self":[{"href":"https:\/\/jazzkaar.ee\/en\/wp-json\/wp\/v2\/posts\/27908","targetHints":{"allow":["GET"]}}],"collection":[{"href":"https:\/\/jazzkaar.ee\/en\/wp-json\/wp\/v2\/posts"}],"about":[{"href":"https:\/\/jazzkaar.ee\/en\/wp-json\/wp\/v2\/types\/post"}],"author":[{"embeddable":true,"href":"https:\/\/jazzkaar.ee\/en\/wp-json\/wp\/v2\/users\/1"}],"replies":[{"embeddable":true,"href":"https:\/\/jazzkaar.ee\/en\/wp-json\/wp\/v2\/comments?post=27908"}],"version-history":[{"count":0,"href":"https:\/\/jazzkaar.ee\/en\/wp-json\/wp\/v2\/posts\/27908\/revisions"}],"wp:attachment":[{"href":"https:\/\/jazzkaar.ee\/en\/wp-json\/wp\/v2\/media?parent=27908"}],"wp:term":[{"taxonomy":"category","embeddable":true,"href":"https:\/\/jazzkaar.ee\/en\/wp-json\/wp\/v2\/categories?post=27908"},{"taxonomy":"post_tag","embeddable":true,"href":"https:\/\/jazzkaar.ee\/en\/wp-json\/wp\/v2\/tags?post=27908"}],"curies":[{"name":"wp","href":"https:\/\/api.w.org\/{rel}","templated":true}]}}