{"id":27900,"date":"2017-02-13T07:56:45","date_gmt":"2017-02-13T05:56:45","guid":{"rendered":"https:\/\/jazzkaar.ee\/jazzkaar-introduces-spring-festival-programme\/"},"modified":"2017-02-13T07:56:45","modified_gmt":"2017-02-13T05:56:45","slug":"jazzkaar-introduces-spring-festival-programme","status":"publish","type":"post","link":"https:\/\/www.jazzkaar.ee\/en\/jazzkaar-introduces-spring-festival-programme\/","title":{"rendered":"Jazzkaar introduces spring festival programme"},"content":{"rendered":"","protected":false},"excerpt":{"rendered":"","protected":false},"author":1,"featured_media":0,"comment_status":"closed","ping_status":"closed","sticky":false,"template":"","format":"standard","meta":{"_acf_changed":false,"footnotes":""},"categories":[1500],"tags":[],"class_list":["post-27900","post","type-post","status-publish","format-standard","hentry","category-news"],"acf":{"image":{"ID":4169,"id":4169,"title":"Yemen_Blues2-\u00a9Zohar_Ron_small.jpg","filename":"Yemen_Blues2-\u00a9Zohar_Ron_small-scaled.jpg","filesize":411947,"url":"https:\/\/www.jazzkaar.ee\/wp-content\/uploads\/2021\/02\/Yemen_Blues2-\u00a9Zohar_Ron_small-scaled.jpg","link":"https:\/\/www.jazzkaar.ee\/en\/jazzkaar-introduces-spring-festival-programme\/yemen_blues2-zohar_ron_small-jpg-2\/","alt":"","author":"1","description":"","caption":"","name":"yemen_blues2-zohar_ron_small-jpg-2","status":"inherit","uploaded_to":27900,"date":"2021-02-06 15:24:31","modified":"2021-02-06 21:39:36","menu_order":0,"mime_type":"image\/jpeg","type":"image","subtype":"jpeg","icon":"https:\/\/www.jazzkaar.ee\/wp-includes\/images\/media\/default.png","width":2560,"height":2515,"sizes":{"thumbnail":"https:\/\/www.jazzkaar.ee\/wp-content\/uploads\/2021\/02\/Yemen_Blues2-\u00a9Zohar_Ron_small-150x150.jpg","thumbnail-width":150,"thumbnail-height":150,"medium":"https:\/\/www.jazzkaar.ee\/wp-content\/uploads\/2021\/02\/Yemen_Blues2-\u00a9Zohar_Ron_small-300x295.jpg","medium-width":300,"medium-height":295,"medium_large":"https:\/\/www.jazzkaar.ee\/wp-content\/uploads\/2021\/02\/Yemen_Blues2-\u00a9Zohar_Ron_small-768x755.jpg","medium_large-width":768,"medium_large-height":755,"large":"https:\/\/www.jazzkaar.ee\/wp-content\/uploads\/2021\/02\/Yemen_Blues2-\u00a9Zohar_Ron_small-1024x1006.jpg","large-width":1024,"large-height":1006,"1536x1536":"https:\/\/www.jazzkaar.ee\/wp-content\/uploads\/2021\/02\/Yemen_Blues2-\u00a9Zohar_Ron_small-1536x1509.jpg","1536x1536-width":1536,"1536x1536-height":1509,"2048x2048":"https:\/\/www.jazzkaar.ee\/wp-content\/uploads\/2021\/02\/Yemen_Blues2-\u00a9Zohar_Ron_small-2048x2012.jpg","2048x2048-width":2048,"2048x2048-height":2012,"image_640px":"https:\/\/www.jazzkaar.ee\/wp-content\/uploads\/2021\/02\/Yemen_Blues2-\u00a9Zohar_Ron_small-640x629.jpg","image_640px-width":640,"image_640px-height":629,"image_768px":"https:\/\/www.jazzkaar.ee\/wp-content\/uploads\/2021\/02\/Yemen_Blues2-\u00a9Zohar_Ron_small-768x755.jpg","image_768px-width":768,"image_768px-height":755,"image_1024px":"https:\/\/www.jazzkaar.ee\/wp-content\/uploads\/2021\/02\/Yemen_Blues2-\u00a9Zohar_Ron_small-1024x1006.jpg","image_1024px-width":1024,"image_1024px-height":1006,"image_1280px":"https:\/\/www.jazzkaar.ee\/wp-content\/uploads\/2021\/02\/Yemen_Blues2-\u00a9Zohar_Ron_small-1280x1258.jpg","image_1280px-width":1280,"image_1280px-height":1258,"image_1366px":"https:\/\/www.jazzkaar.ee\/wp-content\/uploads\/2021\/02\/Yemen_Blues2-\u00a9Zohar_Ron_small-1366x1342.jpg","image_1366px-width":1366,"image_1366px-height":1342,"image_1600px":"https:\/\/www.jazzkaar.ee\/wp-content\/uploads\/2021\/02\/Yemen_Blues2-\u00a9Zohar_Ron_small-1600x1572.jpg","image_1600px-width":1600,"image_1600px-height":1572,"image_1920px":"https:\/\/www.jazzkaar.ee\/wp-content\/uploads\/2021\/02\/Yemen_Blues2-\u00a9Zohar_Ron_small-1920x1886.jpg","image_1920px-width":1920,"image_1920px-height":1886,"image_2400px":"https:\/\/www.jazzkaar.ee\/wp-content\/uploads\/2021\/02\/Yemen_Blues2-\u00a9Zohar_Ron_small-2400x2358.jpg","image_2400px-width":2400,"image_2400px-height":2358,"woocommerce_thumbnail":"https:\/\/www.jazzkaar.ee\/wp-content\/uploads\/2021\/02\/Yemen_Blues2-\u00a9Zohar_Ron_small-scaled-415x415.jpg","woocommerce_thumbnail-width":415,"woocommerce_thumbnail-height":415,"woocommerce_single":"https:\/\/www.jazzkaar.ee\/wp-content\/uploads\/2021\/02\/Yemen_Blues2-\u00a9Zohar_Ron_small-scaled-600x589.jpg","woocommerce_single-width":600,"woocommerce_single-height":589,"woocommerce_gallery_thumbnail":"https:\/\/www.jazzkaar.ee\/wp-content\/uploads\/2021\/02\/Yemen_Blues2-\u00a9Zohar_Ron_small-scaled-100x100.jpg","woocommerce_gallery_thumbnail-width":100,"woocommerce_gallery_thumbnail-height":100}},"author":"","content":"<p>Tallinn International Festival Jazzkaar has released the full program for the 28th festival, taking place on April 21st &#8211; 30. For the third time the festival takes place in Telliskivi Creative City in Tallinn. In addition, concerts will take place in 11 towns across Estonia.<\/p>\n<p>&nbsp;<\/p>\n<p><strong>Jazzkaar 2017 is headlined<\/strong> by 5-time Grammy winner Dianne Reeves, drum legend Steve Gadd, club music duo GoGo Penguin, singer-bassist Meshell Ndegeocello and fusion-jazz group Spyro Gyra.<\/p>\n<p>&nbsp;<\/p>\n<p><strong>A special project<\/strong> is dedicated to the 50th anniversary of the international jazz festival Tallinn-67, which marked an important moment in the music life of Estonia and the Soviet Union in 1967. The event that reached the front page of New York Times featured the by now legendary Charles Lloyd Quartet. However, since the powers that be feared to impose a strong Western influence on the Soviet people, this festival was to be the last of the tradition that had begun in 1949. This year Tallinn-67 will be revitalised by pianist T\u00f5nu Naissoo, who was 16 when he debuted in 1967. He will perform with his Unity Group and the star of Polish jazz, Zbigniew Namyslowski Quintet.<\/p>\n<p>&nbsp;<\/p>\n<p><strong>Jazzkaar celebrates the 100th<\/strong> anniversary of Ella Fitzgerald, the most influential jazz singer of all time. Liisi Koikson, Sofia Rubina, Susanna Aleksandra with Estonian Dream Big Band and Latvian Star Intars Busulis will interpret the legend\u2019s song at the gala concert headed by Siim Aimla.<\/p>\n<p>&nbsp;<\/p>\n<p><strong>New Estonian music<\/strong> will be provided by Liisi Koikson who will present her new album \u201cCoffee for One\u201d; Kristjan Randalu\u2019s international group Limes Occidentalis; Erki P\u00e4rnoja : Efterglow; Maria Faust with Kira Skov; Siiri Sisask and others.<\/p>\n<p>&nbsp;<\/p>\n<p><strong>European jazz<\/strong> in its variety is represented by the legendary Dutch drummer Han Bennink; German jazz innovator and trumpeter Sebastian Studnitzky; French quintet Papanosh; Spanish duo Isabel Vinardell &amp; Isabelle Laudenbach with magical Mediterranean sounds; Danish trio the Firebirds who will focus on Igor Stravinski; German-Swiss minimalist piano-electro duo Grandbrothers; Silent Blast Quintet with a hint of future of Lithuanian jazz; and swing singer Alice Francis, with her roots in Romanian music.<\/p>\n<p>&nbsp;<\/p>\n<p><strong>Eastern patterns<\/strong> will be intervowen with jazz in the music of Armenian pianist Tigran Hamasyan. Oudi virtuoso Adnan Joubnan will mix Palestianian rhytms.<\/p>\n<p>&nbsp;<\/p>\n<p><strong>Jazzkaar club nights<\/strong> on Fridays and Saturdays will feature dancey tunes by GoGo Penguin (UK); I Wear* Experiment (Estonia); Kenton Slash Demon (Denmark); Yussef Kamaal (UK), Estrada Orchestra (Estonia), Yemen Blues (Israel) and Iyeoka (Nigeria-USA).<\/p>\n<p>&nbsp;<\/p>\n<p><strong>The festival main programme<\/strong> in Tallinn will feature:<br \/>\nAdnan Joubran Quintet; Alice Francis; Dianne Reeves; \u201eElla Fitzgerald 100\u201d &#8211; Liisi Koikson, Sofia Rubina, Susanna Aleksandra, Intars Busulis &amp; Estonian Dream Big Band; Erki P\u00e4rnoja : Efterglow; Estrada Orchestra; GoGo Penguin; Grandbrothers; Han Bennink feat. Jaak Soo\u00e4\u00e4r, Laura P\u00f5ldvere, Kadri Voorand; Holler My Dear; I Wear* Experiment; Isabel Vinardell &amp; Isabelle Laudenbach; Iyeoka; Kenton Slash Demon; Kira Skov &amp; Maria Faust; Kirke Karja Quintet; Kristjan Randalu Limes Occidentalis; Liisi Koikson &amp; Band; Maarja Nuut; Mairo Marjamaa Quartet; Marie Vaigla &amp; Raul Vaigla; Meshell Ndegeocello; 4 basses; Papanosh; The Firebirds; \u201eTribute to Tallinn-67\u201c Zbigniew Namyslowski Quintet &amp; T\u00f5nu Naissoo Unity; Sebastian Studnitzky Quartet; Siiri Sisask feat. Robert J\u00fcrjendal &amp; Peedu Kass; Silent Blast Quintet; Spyro Gyra; Steve Gadd Gadd; Tanja Mihhailova &amp; Band; Tigran Hamasyan; Toomas Rull Quartet; Yemen Blues; Yussef Kamaal.<\/p>\n<p>&nbsp;<\/p>\n<p>Jazzkaar\u2019s Gold Sponsor is Danske Bank. The festival\u2019s main sponsors are KAFO, Jazz Pesulad and Eesti P\u00e4evaleht, yearly sponsors are My City Hotel, United Motors, Tallink and Aktaprint. The festival centre is supported by Prike and the Telliskivi Creative City, the cafe partner is Reval Caf\u00e9. Dianne Reeves will be brought to Estonia by Viru Keskus. The festival is supported by Kodupaber.<\/p>\n<p>&nbsp;<\/p>\n<p>Jazzkaar is supported by the Ministry Of Culture, The Cultural Endowment of Estonia, Tallinn, Estonian Authors\u2019 Society, Embassy of the Republic of Poland in Tallinn and the Polish Institute of Culture, Embassy of Israel, Embassy of Austria, Embassy of Spain, Goethe Institute in Estonia, the French Institute of Estonia, the Danish Institute of Culture and the Ministry of Science and Art of the Baden-W\u00fcrttemberg state.<\/p>\n"},"yoast_head":"<!-- This site is optimized with the Yoast SEO plugin v27.4 - https:\/\/yoast.com\/product\/yoast-seo-wordpress\/ -->\n<title>Jazzkaar introduces spring festival programme - Festival Jazzkaar<\/title>\n<meta name=\"robots\" content=\"index, follow, max-snippet:-1, max-image-preview:large, max-video-preview:-1\" \/>\n<link rel=\"canonical\" href=\"https:\/\/www.jazzkaar.ee\/en\/jazzkaar-introduces-spring-festival-programme\/\" \/>\n<meta property=\"og:locale\" content=\"en_US\" \/>\n<meta property=\"og:type\" content=\"article\" \/>\n<meta property=\"og:title\" content=\"Jazzkaar introduces spring festival programme - Festival Jazzkaar\" \/>\n<meta property=\"og:url\" content=\"https:\/\/www.jazzkaar.ee\/en\/jazzkaar-introduces-spring-festival-programme\/\" \/>\n<meta property=\"og:site_name\" content=\"Festival Jazzkaar\" \/>\n<meta property=\"article:published_time\" content=\"2017-02-13T05:56:45+00:00\" \/>\n<meta property=\"og:image\" content=\"http:\/\/default\" \/>\n<meta name=\"author\" content=\"gert\" \/>\n<meta name=\"twitter:card\" content=\"summary_large_image\" \/>\n<meta name=\"twitter:label1\" content=\"Written by\" \/>\n\t<meta name=\"twitter:data1\" content=\"gert\" \/>\n<script type=\"application\/ld+json\" class=\"yoast-schema-graph\">{\"@context\":\"https:\\\/\\\/schema.org\",\"@graph\":[{\"@type\":\"Article\",\"@id\":\"https:\\\/\\\/www.jazzkaar.ee\\\/en\\\/jazzkaar-introduces-spring-festival-programme\\\/#article\",\"isPartOf\":{\"@id\":\"https:\\\/\\\/www.jazzkaar.ee\\\/en\\\/jazzkaar-introduces-spring-festival-programme\\\/\"},\"author\":{\"name\":\"gert\",\"@id\":\"https:\\\/\\\/www.jazzkaar.ee\\\/en\\\/#\\\/schema\\\/person\\\/ca80b0181f967376324f53e3baa75b15\"},\"headline\":\"Jazzkaar introduces spring festival programme\",\"datePublished\":\"2017-02-13T05:56:45+00:00\",\"mainEntityOfPage\":{\"@id\":\"https:\\\/\\\/www.jazzkaar.ee\\\/en\\\/jazzkaar-introduces-spring-festival-programme\\\/\"},\"wordCount\":5,\"publisher\":{\"@id\":\"https:\\\/\\\/www.jazzkaar.ee\\\/en\\\/#organization\"},\"articleSection\":[\"News\"],\"inLanguage\":\"en-US\"},{\"@type\":\"WebPage\",\"@id\":\"https:\\\/\\\/www.jazzkaar.ee\\\/en\\\/jazzkaar-introduces-spring-festival-programme\\\/\",\"url\":\"https:\\\/\\\/www.jazzkaar.ee\\\/en\\\/jazzkaar-introduces-spring-festival-programme\\\/\",\"name\":\"Jazzkaar introduces spring festival programme - Festival Jazzkaar\",\"isPartOf\":{\"@id\":\"https:\\\/\\\/www.jazzkaar.ee\\\/en\\\/#website\"},\"datePublished\":\"2017-02-13T05:56:45+00:00\",\"breadcrumb\":{\"@id\":\"https:\\\/\\\/www.jazzkaar.ee\\\/en\\\/jazzkaar-introduces-spring-festival-programme\\\/#breadcrumb\"},\"inLanguage\":\"en-US\",\"potentialAction\":[{\"@type\":\"ReadAction\",\"target\":[\"https:\\\/\\\/www.jazzkaar.ee\\\/en\\\/jazzkaar-introduces-spring-festival-programme\\\/\"]}]},{\"@type\":\"BreadcrumbList\",\"@id\":\"https:\\\/\\\/www.jazzkaar.ee\\\/en\\\/jazzkaar-introduces-spring-festival-programme\\\/#breadcrumb\",\"itemListElement\":[{\"@type\":\"ListItem\",\"position\":1,\"name\":\"Home\",\"item\":\"https:\\\/\\\/www.jazzkaar.ee\\\/en\\\/\"},{\"@type\":\"ListItem\",\"position\":2,\"name\":\"Jazzkaar introduces spring festival programme\"}]},{\"@type\":\"WebSite\",\"@id\":\"https:\\\/\\\/www.jazzkaar.ee\\\/en\\\/#website\",\"url\":\"https:\\\/\\\/www.jazzkaar.ee\\\/en\\\/\",\"name\":\"Festival Jazzkaar\",\"description\":\"\",\"publisher\":{\"@id\":\"https:\\\/\\\/www.jazzkaar.ee\\\/en\\\/#organization\"},\"potentialAction\":[{\"@type\":\"SearchAction\",\"target\":{\"@type\":\"EntryPoint\",\"urlTemplate\":\"https:\\\/\\\/www.jazzkaar.ee\\\/en\\\/?s={search_term_string}\"},\"query-input\":{\"@type\":\"PropertyValueSpecification\",\"valueRequired\":true,\"valueName\":\"search_term_string\"}}],\"inLanguage\":\"en-US\"},{\"@type\":\"Organization\",\"@id\":\"https:\\\/\\\/www.jazzkaar.ee\\\/en\\\/#organization\",\"name\":\"Festival Jazzkaar\",\"url\":\"https:\\\/\\\/www.jazzkaar.ee\\\/en\\\/\",\"logo\":{\"@type\":\"ImageObject\",\"inLanguage\":\"en-US\",\"@id\":\"https:\\\/\\\/www.jazzkaar.ee\\\/en\\\/#\\\/schema\\\/logo\\\/image\\\/\",\"url\":\"https:\\\/\\\/jazzkaar.ee\\\/wp-content\\\/uploads\\\/2022\\\/10\\\/Screenshot-2022-10-05-at-11.22.31.png\",\"contentUrl\":\"https:\\\/\\\/jazzkaar.ee\\\/wp-content\\\/uploads\\\/2022\\\/10\\\/Screenshot-2022-10-05-at-11.22.31.png\",\"width\":1210,\"height\":664,\"caption\":\"Festival Jazzkaar\"},\"image\":{\"@id\":\"https:\\\/\\\/www.jazzkaar.ee\\\/en\\\/#\\\/schema\\\/logo\\\/image\\\/\"}},{\"@type\":\"Person\",\"@id\":\"https:\\\/\\\/www.jazzkaar.ee\\\/en\\\/#\\\/schema\\\/person\\\/ca80b0181f967376324f53e3baa75b15\",\"name\":\"gert\",\"image\":{\"@type\":\"ImageObject\",\"inLanguage\":\"en-US\",\"@id\":\"https:\\\/\\\/secure.gravatar.com\\\/avatar\\\/2eb93c48c89c5cfc1d06c3490162f68736475055c038ff159041b19e0a2c7e4e?s=96&d=monsterid&r=g\",\"url\":\"https:\\\/\\\/secure.gravatar.com\\\/avatar\\\/2eb93c48c89c5cfc1d06c3490162f68736475055c038ff159041b19e0a2c7e4e?s=96&d=monsterid&r=g\",\"contentUrl\":\"https:\\\/\\\/secure.gravatar.com\\\/avatar\\\/2eb93c48c89c5cfc1d06c3490162f68736475055c038ff159041b19e0a2c7e4e?s=96&d=monsterid&r=g\",\"caption\":\"gert\"},\"sameAs\":[\"https:\\\/\\\/jazzkaar.ee\"],\"url\":\"https:\\\/\\\/www.jazzkaar.ee\\\/en\\\/author\\\/gert\\\/\"}]}<\/script>\n<!-- \/ Yoast SEO plugin. -->","yoast_head_json":{"title":"Jazzkaar introduces spring festival programme - Festival Jazzkaar","robots":{"index":"index","follow":"follow","max-snippet":"max-snippet:-1","max-image-preview":"max-image-preview:large","max-video-preview":"max-video-preview:-1"},"canonical":"https:\/\/www.jazzkaar.ee\/en\/jazzkaar-introduces-spring-festival-programme\/","og_locale":"en_US","og_type":"article","og_title":"Jazzkaar introduces spring festival programme - Festival Jazzkaar","og_url":"https:\/\/www.jazzkaar.ee\/en\/jazzkaar-introduces-spring-festival-programme\/","og_site_name":"Festival Jazzkaar","article_published_time":"2017-02-13T05:56:45+00:00","og_image":[{"url":"default","type":"","width":"","height":""}],"author":"gert","twitter_card":"summary_large_image","twitter_misc":{"Written by":"gert"},"schema":{"@context":"https:\/\/schema.org","@graph":[{"@type":"Article","@id":"https:\/\/www.jazzkaar.ee\/en\/jazzkaar-introduces-spring-festival-programme\/#article","isPartOf":{"@id":"https:\/\/www.jazzkaar.ee\/en\/jazzkaar-introduces-spring-festival-programme\/"},"author":{"name":"gert","@id":"https:\/\/www.jazzkaar.ee\/en\/#\/schema\/person\/ca80b0181f967376324f53e3baa75b15"},"headline":"Jazzkaar introduces spring festival programme","datePublished":"2017-02-13T05:56:45+00:00","mainEntityOfPage":{"@id":"https:\/\/www.jazzkaar.ee\/en\/jazzkaar-introduces-spring-festival-programme\/"},"wordCount":5,"publisher":{"@id":"https:\/\/www.jazzkaar.ee\/en\/#organization"},"articleSection":["News"],"inLanguage":"en-US"},{"@type":"WebPage","@id":"https:\/\/www.jazzkaar.ee\/en\/jazzkaar-introduces-spring-festival-programme\/","url":"https:\/\/www.jazzkaar.ee\/en\/jazzkaar-introduces-spring-festival-programme\/","name":"Jazzkaar introduces spring festival programme - Festival Jazzkaar","isPartOf":{"@id":"https:\/\/www.jazzkaar.ee\/en\/#website"},"datePublished":"2017-02-13T05:56:45+00:00","breadcrumb":{"@id":"https:\/\/www.jazzkaar.ee\/en\/jazzkaar-introduces-spring-festival-programme\/#breadcrumb"},"inLanguage":"en-US","potentialAction":[{"@type":"ReadAction","target":["https:\/\/www.jazzkaar.ee\/en\/jazzkaar-introduces-spring-festival-programme\/"]}]},{"@type":"BreadcrumbList","@id":"https:\/\/www.jazzkaar.ee\/en\/jazzkaar-introduces-spring-festival-programme\/#breadcrumb","itemListElement":[{"@type":"ListItem","position":1,"name":"Home","item":"https:\/\/www.jazzkaar.ee\/en\/"},{"@type":"ListItem","position":2,"name":"Jazzkaar introduces spring festival programme"}]},{"@type":"WebSite","@id":"https:\/\/www.jazzkaar.ee\/en\/#website","url":"https:\/\/www.jazzkaar.ee\/en\/","name":"Festival Jazzkaar","description":"","publisher":{"@id":"https:\/\/www.jazzkaar.ee\/en\/#organization"},"potentialAction":[{"@type":"SearchAction","target":{"@type":"EntryPoint","urlTemplate":"https:\/\/www.jazzkaar.ee\/en\/?s={search_term_string}"},"query-input":{"@type":"PropertyValueSpecification","valueRequired":true,"valueName":"search_term_string"}}],"inLanguage":"en-US"},{"@type":"Organization","@id":"https:\/\/www.jazzkaar.ee\/en\/#organization","name":"Festival Jazzkaar","url":"https:\/\/www.jazzkaar.ee\/en\/","logo":{"@type":"ImageObject","inLanguage":"en-US","@id":"https:\/\/www.jazzkaar.ee\/en\/#\/schema\/logo\/image\/","url":"https:\/\/jazzkaar.ee\/wp-content\/uploads\/2022\/10\/Screenshot-2022-10-05-at-11.22.31.png","contentUrl":"https:\/\/jazzkaar.ee\/wp-content\/uploads\/2022\/10\/Screenshot-2022-10-05-at-11.22.31.png","width":1210,"height":664,"caption":"Festival Jazzkaar"},"image":{"@id":"https:\/\/www.jazzkaar.ee\/en\/#\/schema\/logo\/image\/"}},{"@type":"Person","@id":"https:\/\/www.jazzkaar.ee\/en\/#\/schema\/person\/ca80b0181f967376324f53e3baa75b15","name":"gert","image":{"@type":"ImageObject","inLanguage":"en-US","@id":"https:\/\/secure.gravatar.com\/avatar\/2eb93c48c89c5cfc1d06c3490162f68736475055c038ff159041b19e0a2c7e4e?s=96&d=monsterid&r=g","url":"https:\/\/secure.gravatar.com\/avatar\/2eb93c48c89c5cfc1d06c3490162f68736475055c038ff159041b19e0a2c7e4e?s=96&d=monsterid&r=g","contentUrl":"https:\/\/secure.gravatar.com\/avatar\/2eb93c48c89c5cfc1d06c3490162f68736475055c038ff159041b19e0a2c7e4e?s=96&d=monsterid&r=g","caption":"gert"},"sameAs":["https:\/\/jazzkaar.ee"],"url":"https:\/\/www.jazzkaar.ee\/en\/author\/gert\/"}]}},"_links":{"self":[{"href":"https:\/\/www.jazzkaar.ee\/en\/wp-json\/wp\/v2\/posts\/27900","targetHints":{"allow":["GET"]}}],"collection":[{"href":"https:\/\/www.jazzkaar.ee\/en\/wp-json\/wp\/v2\/posts"}],"about":[{"href":"https:\/\/www.jazzkaar.ee\/en\/wp-json\/wp\/v2\/types\/post"}],"author":[{"embeddable":true,"href":"https:\/\/www.jazzkaar.ee\/en\/wp-json\/wp\/v2\/users\/1"}],"replies":[{"embeddable":true,"href":"https:\/\/www.jazzkaar.ee\/en\/wp-json\/wp\/v2\/comments?post=27900"}],"version-history":[{"count":0,"href":"https:\/\/www.jazzkaar.ee\/en\/wp-json\/wp\/v2\/posts\/27900\/revisions"}],"wp:attachment":[{"href":"https:\/\/www.jazzkaar.ee\/en\/wp-json\/wp\/v2\/media?parent=27900"}],"wp:term":[{"taxonomy":"category","embeddable":true,"href":"https:\/\/www.jazzkaar.ee\/en\/wp-json\/wp\/v2\/categories?post=27900"},{"taxonomy":"post_tag","embeddable":true,"href":"https:\/\/www.jazzkaar.ee\/en\/wp-json\/wp\/v2\/tags?post=27900"}],"curies":[{"name":"wp","href":"https:\/\/api.w.org\/{rel}","templated":true}]}}