{"id":27854,"date":"2016-02-09T15:57:06","date_gmt":"2016-02-09T13:57:06","guid":{"rendered":"https:\/\/jazzkaar.ee\/the-line-up-of-festival-jazzkaar-2016-now-announced-40-off-tickets-today-and-tomorrow\/"},"modified":"2016-02-09T15:57:06","modified_gmt":"2016-02-09T13:57:06","slug":"the-line-up-of-festival-jazzkaar-2016-now-announced-40-off-tickets-today-and-tomorrow","status":"publish","type":"post","link":"https:\/\/jazzkaar.ee\/en\/the-line-up-of-festival-jazzkaar-2016-now-announced-40-off-tickets-today-and-tomorrow\/","title":{"rendered":"The line-up of Festival Jazzkaar 2016 now announced \u2013 40% off tickets today and tomorrow!"},"content":{"rendered":"","protected":false},"excerpt":{"rendered":"","protected":false},"author":1,"featured_media":0,"comment_status":"closed","ping_status":"closed","sticky":false,"template":"","format":"standard","meta":{"_acf_changed":false,"footnotes":""},"categories":[1500],"tags":[],"class_list":["post-27854","post","type-post","status-publish","format-standard","hentry","category-news"],"acf":{"image":{"ID":5991,"id":5991,"title":"JoseJames_PhotobyShervinLainez_9.jpg","filename":"JoseJames_PhotobyShervinLainez_9.jpg","filesize":225598,"url":"https:\/\/www.jazzkaar.ee\/wp-content\/uploads\/2021\/02\/JoseJames_PhotobyShervinLainez_9.jpg","link":"https:\/\/jazzkaar.ee\/en\/the-line-up-of-festival-jazzkaar-2016-now-announced-40-off-tickets-today-and-tomorrow\/josejames_photobyshervinlainez_9-jpg\/","alt":"","author":"1","description":"","caption":"","name":"josejames_photobyshervinlainez_9-jpg","status":"inherit","uploaded_to":27854,"date":"2021-02-06 18:59:11","modified":"2021-02-06 21:39:29","menu_order":0,"mime_type":"image\/jpeg","type":"image","subtype":"jpeg","icon":"https:\/\/jazzkaar.ee\/wp-includes\/images\/media\/default.png","width":2048,"height":1365,"sizes":{"thumbnail":"https:\/\/www.jazzkaar.ee\/wp-content\/uploads\/2021\/02\/JoseJames_PhotobyShervinLainez_9-150x150.jpg","thumbnail-width":150,"thumbnail-height":150,"medium":"https:\/\/www.jazzkaar.ee\/wp-content\/uploads\/2021\/02\/JoseJames_PhotobyShervinLainez_9-300x200.jpg","medium-width":300,"medium-height":200,"medium_large":"https:\/\/www.jazzkaar.ee\/wp-content\/uploads\/2021\/02\/JoseJames_PhotobyShervinLainez_9-768x512.jpg","medium_large-width":768,"medium_large-height":512,"large":"https:\/\/www.jazzkaar.ee\/wp-content\/uploads\/2021\/02\/JoseJames_PhotobyShervinLainez_9-1024x683.jpg","large-width":1024,"large-height":683,"1536x1536":"https:\/\/www.jazzkaar.ee\/wp-content\/uploads\/2021\/02\/JoseJames_PhotobyShervinLainez_9-1536x1024.jpg","1536x1536-width":1536,"1536x1536-height":1024,"2048x2048":"https:\/\/www.jazzkaar.ee\/wp-content\/uploads\/2021\/02\/JoseJames_PhotobyShervinLainez_9.jpg","2048x2048-width":2048,"2048x2048-height":1365,"image_640px":"https:\/\/www.jazzkaar.ee\/wp-content\/uploads\/2021\/02\/JoseJames_PhotobyShervinLainez_9-640x427.jpg","image_640px-width":640,"image_640px-height":427,"image_768px":"https:\/\/www.jazzkaar.ee\/wp-content\/uploads\/2021\/02\/JoseJames_PhotobyShervinLainez_9-768x512.jpg","image_768px-width":768,"image_768px-height":512,"image_1024px":"https:\/\/www.jazzkaar.ee\/wp-content\/uploads\/2021\/02\/JoseJames_PhotobyShervinLainez_9-1024x683.jpg","image_1024px-width":1024,"image_1024px-height":683,"image_1280px":"https:\/\/www.jazzkaar.ee\/wp-content\/uploads\/2021\/02\/JoseJames_PhotobyShervinLainez_9-1280x853.jpg","image_1280px-width":1280,"image_1280px-height":853,"image_1366px":"https:\/\/www.jazzkaar.ee\/wp-content\/uploads\/2021\/02\/JoseJames_PhotobyShervinLainez_9-1366x910.jpg","image_1366px-width":1366,"image_1366px-height":910,"image_1600px":"https:\/\/www.jazzkaar.ee\/wp-content\/uploads\/2021\/02\/JoseJames_PhotobyShervinLainez_9-1600x1066.jpg","image_1600px-width":1600,"image_1600px-height":1066,"image_1920px":"https:\/\/www.jazzkaar.ee\/wp-content\/uploads\/2021\/02\/JoseJames_PhotobyShervinLainez_9-1920x1280.jpg","image_1920px-width":1920,"image_1920px-height":1280,"image_2400px":"https:\/\/www.jazzkaar.ee\/wp-content\/uploads\/2021\/02\/JoseJames_PhotobyShervinLainez_9.jpg","image_2400px-width":2048,"image_2400px-height":1365,"woocommerce_thumbnail":"https:\/\/www.jazzkaar.ee\/wp-content\/uploads\/2021\/02\/JoseJames_PhotobyShervinLainez_9-415x415.jpg","woocommerce_thumbnail-width":415,"woocommerce_thumbnail-height":415,"woocommerce_single":"https:\/\/www.jazzkaar.ee\/wp-content\/uploads\/2021\/02\/JoseJames_PhotobyShervinLainez_9-600x400.jpg","woocommerce_single-width":600,"woocommerce_single-height":400,"woocommerce_gallery_thumbnail":"https:\/\/www.jazzkaar.ee\/wp-content\/uploads\/2021\/02\/JoseJames_PhotobyShervinLainez_9-100x100.jpg","woocommerce_gallery_thumbnail-width":100,"woocommerce_gallery_thumbnail-height":100}},"author":"","content":"<p>Awarded with the title Estonian Best Music Festival, the Tallinn international festival Jazzkaar today announces its full line-up. Only today and tomorrow, all new announced concerts\u2019 tickets are 40% off! Also, a limited amount of day passes are on sale!<\/p>\n<p>&nbsp;<\/p>\n<p>In the 27th year of its existence the heart of the festival will once again be a creative hotspot of Tallinn, the Telliskivi Creative City. All jazz fans are welcome at several venues from April 22 to May 1st. Jazzkaar will also visit many other cities in Estonia and Tartu and Viljandi will even present Jazzkaar mini-festivals with several concerts.<\/p>\n<p>The line-up of Jazzkaar 2016 artists will surprise and fulfil many dreams of music fans \u2013 Al Di Meola, Aleksander Paal, Alevtina Poljakova Group, Bachar Mar-Khalif\u00e9, Becca Stevens, Bernhoft, Charnett Moffett\u2019s Nettwork, Chris Potter Quartet, Domas Aleksa Band, Erki P\u00e4rnoja, gala-concert \u201cEstonian Jazz Awards 10\u201d, Hidden Orchestra, Holger Marjamaa, Jan Lundgren Duo &amp; String Quartet, Jos\u00e9 James, J\u00fcrgen Rooste, Kadri Voorand Quartet, Kristel Aaslaid, Lambert, Lexsoul Dancemachine, Maarja Nuut, MaiGroup, Maria Faust, Maria Laura Baccarini &amp; R\u00e9gis Huby, MiaMee, No\u00ebp, Pae Kollektiiv, Peedu Kass Momentum, Roberto Fonseca Trio, Shitney Spears, Siim Aimla Band, Sofia Rubina Band feat. Jevgeni Lebedev, Soo\u00e4\u00e4r-Bj\u00f6rkenheim Quartet, State of Zoe, Steinar Raknes, Tamir Grinberg Band, Trump Conception, Veronika Harcsa-B\u00e1lint Gy\u00e9m\u00e1nt, Voorand-Koikson-Soo\u00e4\u00e4r-Daniel Quartet!<\/p>\n<p>&nbsp;<\/p>\n<p>The headliners of Jazzkaar 2016 are the previously announced 5 time Grammy-winner guitarist Al Di Meola (USA), the star saxophone player and Grammy-winner Chris Potter (USA), the multiinstrumentalist-singer Jarle Bernhoft (NO) and the magnet of club nights Hidden Orchestra (UK). Now they will be joined with additional headliners \u2013 magnetic singer and composer Jose James (USA), the trio of legends Charnett Moffett\u2019s Network feat. Stanley Jordan &amp; Jonathan Barber (USA) and the pianist Roberto Fonseca Trio (Cuba).<\/p>\n<p>&nbsp;<\/p>\n<p>Many new programs and albums will be created for the festival by Estonian musicians \u2013 Kadri Voorand Quartet, Maarja Nuut, Peedu Kass Momentum and Trump Conception will present them at Jazzkaar. Jazzkaar has specially commisioned a new family production \u201cThe Jazz Alphabet Book\u201d and a special project \u201cVelocipede\u201d by internationally acclaimed Estonian saxophonist Maria Faust. United for one night and one concert will be all the ten Estonian Jazz Award Winners \u2013 Jaak Soo\u00e4\u00e4r, Tanel Ruben, Siim Aimla, Raivo Tafenau, Villu Veski, Taavo Remmel, Kristjan Randalu, Meelis Vind, Kadri Voorand and the new winner.<\/p>\n<p>&nbsp;<\/p>\n<p>Best jazz from Europe and beyond will be represented by bassist and singer Steinar Raknes (NO), fascinating new sounds by pianist Lamber (DE), orient-influenced program by pianist and vocalist Bachar Mar-Khalife (LB-FR), renowned pianist Jan Lundgren with legendary European jazz heritage by Jan Johansson (SE), powerful girl trio Shitney Spears (DK), a tribute to Giorgio Gaber by jazz duo Maria Laura Baccarini &amp; Regis Huby (IT-FR), charming duo Veronika Harcsa-B\u00e1lint Gy\u00e9m\u00e1nt (HU), energetic Domas Aleksa Band (LT) and many Estonian musicians.<\/p>\n<p>&nbsp;<\/p>\n<p>Jazzkaar club nights will be groovy and vibrant with best DJs and bands and playing until early morning hours \u2013 Tamir Grinberg Band (IL), No\u00ebp (EE), Erki P\u00e4rnoja \u201cHimmelbjerget\u201d (EE-SE), Sofia Rubina Band (EE-RU), State of Zoe (EE) etc.<\/p>\n<p>Jazzkaar\u2019s Gold Sponsor is Danske Bank. Main sponsors are KAFO &amp; Eesti P\u00e4evaleht, yearly sponsors My City Hotel, United Motors, Tallinna Sadam, Tallink, Aktaprint. The festival centre in Telliskivi is supported by Prike, Telliskivi Creative City and Reval Caf\u00e9 and festival supporters are also Jazz Pesulad, Kodupaber, Viru Keskus and MyFitness. Jazzkaar is also funded by Tallinn City, the Cultural Endownment of Estonia, the Ministry of Culture, Israeli Embassy, Swedish Embassy, Institut fran\u00e7ais d&#8217;Estonie and the Hungarian Institute.<\/p>\n<p>&nbsp;<\/p>\n<p>The discount of 40% off ticket prizes on the newly announced program is available on Tuesday-Wednesday, February 9-10, 2016. Ticket sales will start on Feb 9 at 10am at Piletilevi ticket offices and www.piletilevi.ee. Limited quantities! Discount is not valid on festival passes and day tickets and previously announced concerts of Al Di Meola \u201cElyseum &amp; More\u201d, Chris Potter Quartet, Bernhoft and Hidden Orchestra tickets.<\/p>\n<p>&nbsp;<\/p>\n<p>More info from Jazzkaar office: +372 6660030 or piletid@jazzkaar.ee<br \/>\nSee you at Jazzkaar!<\/p>\n"},"yoast_head":"<!-- This site is optimized with the Yoast SEO plugin v27.3 - https:\/\/yoast.com\/product\/yoast-seo-wordpress\/ -->\n<title>The line-up of Festival Jazzkaar 2016 now announced \u2013 40% off tickets today and tomorrow! - Festival Jazzkaar<\/title>\n<meta name=\"robots\" content=\"index, follow, max-snippet:-1, max-image-preview:large, max-video-preview:-1\" \/>\n<link rel=\"canonical\" href=\"https:\/\/jazzkaar.ee\/en\/the-line-up-of-festival-jazzkaar-2016-now-announced-40-off-tickets-today-and-tomorrow\/\" \/>\n<meta property=\"og:locale\" content=\"en_US\" \/>\n<meta property=\"og:type\" content=\"article\" \/>\n<meta property=\"og:title\" content=\"The line-up of Festival Jazzkaar 2016 now announced \u2013 40% off tickets today and tomorrow! - Festival Jazzkaar\" \/>\n<meta property=\"og:url\" content=\"https:\/\/jazzkaar.ee\/en\/the-line-up-of-festival-jazzkaar-2016-now-announced-40-off-tickets-today-and-tomorrow\/\" \/>\n<meta property=\"og:site_name\" content=\"Festival Jazzkaar\" \/>\n<meta property=\"article:published_time\" content=\"2016-02-09T13:57:06+00:00\" \/>\n<meta property=\"og:image\" content=\"http:\/\/default\" \/>\n<meta name=\"author\" content=\"gert\" \/>\n<meta name=\"twitter:card\" content=\"summary_large_image\" \/>\n<meta name=\"twitter:label1\" content=\"Written by\" \/>\n\t<meta name=\"twitter:data1\" content=\"gert\" \/>\n<script type=\"application\/ld+json\" class=\"yoast-schema-graph\">{\"@context\":\"https:\\\/\\\/schema.org\",\"@graph\":[{\"@type\":\"Article\",\"@id\":\"https:\\\/\\\/jazzkaar.ee\\\/en\\\/the-line-up-of-festival-jazzkaar-2016-now-announced-40-off-tickets-today-and-tomorrow\\\/#article\",\"isPartOf\":{\"@id\":\"https:\\\/\\\/jazzkaar.ee\\\/en\\\/the-line-up-of-festival-jazzkaar-2016-now-announced-40-off-tickets-today-and-tomorrow\\\/\"},\"author\":{\"name\":\"gert\",\"@id\":\"https:\\\/\\\/www.jazzkaar.ee\\\/en\\\/#\\\/schema\\\/person\\\/ca80b0181f967376324f53e3baa75b15\"},\"headline\":\"The line-up of Festival Jazzkaar 2016 now announced \u2013 40% off tickets today and tomorrow!\",\"datePublished\":\"2016-02-09T13:57:06+00:00\",\"mainEntityOfPage\":{\"@id\":\"https:\\\/\\\/jazzkaar.ee\\\/en\\\/the-line-up-of-festival-jazzkaar-2016-now-announced-40-off-tickets-today-and-tomorrow\\\/\"},\"wordCount\":12,\"publisher\":{\"@id\":\"https:\\\/\\\/www.jazzkaar.ee\\\/en\\\/#organization\"},\"articleSection\":[\"News\"],\"inLanguage\":\"en-US\"},{\"@type\":\"WebPage\",\"@id\":\"https:\\\/\\\/jazzkaar.ee\\\/en\\\/the-line-up-of-festival-jazzkaar-2016-now-announced-40-off-tickets-today-and-tomorrow\\\/\",\"url\":\"https:\\\/\\\/jazzkaar.ee\\\/en\\\/the-line-up-of-festival-jazzkaar-2016-now-announced-40-off-tickets-today-and-tomorrow\\\/\",\"name\":\"The line-up of Festival Jazzkaar 2016 now announced \u2013 40% off tickets today and tomorrow! - Festival Jazzkaar\",\"isPartOf\":{\"@id\":\"https:\\\/\\\/www.jazzkaar.ee\\\/en\\\/#website\"},\"datePublished\":\"2016-02-09T13:57:06+00:00\",\"breadcrumb\":{\"@id\":\"https:\\\/\\\/jazzkaar.ee\\\/en\\\/the-line-up-of-festival-jazzkaar-2016-now-announced-40-off-tickets-today-and-tomorrow\\\/#breadcrumb\"},\"inLanguage\":\"en-US\",\"potentialAction\":[{\"@type\":\"ReadAction\",\"target\":[\"https:\\\/\\\/jazzkaar.ee\\\/en\\\/the-line-up-of-festival-jazzkaar-2016-now-announced-40-off-tickets-today-and-tomorrow\\\/\"]}]},{\"@type\":\"BreadcrumbList\",\"@id\":\"https:\\\/\\\/jazzkaar.ee\\\/en\\\/the-line-up-of-festival-jazzkaar-2016-now-announced-40-off-tickets-today-and-tomorrow\\\/#breadcrumb\",\"itemListElement\":[{\"@type\":\"ListItem\",\"position\":1,\"name\":\"Home\",\"item\":\"https:\\\/\\\/www.jazzkaar.ee\\\/en\\\/\"},{\"@type\":\"ListItem\",\"position\":2,\"name\":\"The line-up of Festival Jazzkaar 2016 now announced \u2013 40% off tickets today and tomorrow!\"}]},{\"@type\":\"WebSite\",\"@id\":\"https:\\\/\\\/www.jazzkaar.ee\\\/en\\\/#website\",\"url\":\"https:\\\/\\\/www.jazzkaar.ee\\\/en\\\/\",\"name\":\"Festival Jazzkaar\",\"description\":\"\",\"publisher\":{\"@id\":\"https:\\\/\\\/www.jazzkaar.ee\\\/en\\\/#organization\"},\"potentialAction\":[{\"@type\":\"SearchAction\",\"target\":{\"@type\":\"EntryPoint\",\"urlTemplate\":\"https:\\\/\\\/www.jazzkaar.ee\\\/en\\\/?s={search_term_string}\"},\"query-input\":{\"@type\":\"PropertyValueSpecification\",\"valueRequired\":true,\"valueName\":\"search_term_string\"}}],\"inLanguage\":\"en-US\"},{\"@type\":\"Organization\",\"@id\":\"https:\\\/\\\/www.jazzkaar.ee\\\/en\\\/#organization\",\"name\":\"Festival Jazzkaar\",\"url\":\"https:\\\/\\\/www.jazzkaar.ee\\\/en\\\/\",\"logo\":{\"@type\":\"ImageObject\",\"inLanguage\":\"en-US\",\"@id\":\"https:\\\/\\\/www.jazzkaar.ee\\\/en\\\/#\\\/schema\\\/logo\\\/image\\\/\",\"url\":\"https:\\\/\\\/jazzkaar.ee\\\/wp-content\\\/uploads\\\/2022\\\/10\\\/Screenshot-2022-10-05-at-11.22.31.png\",\"contentUrl\":\"https:\\\/\\\/jazzkaar.ee\\\/wp-content\\\/uploads\\\/2022\\\/10\\\/Screenshot-2022-10-05-at-11.22.31.png\",\"width\":1210,\"height\":664,\"caption\":\"Festival Jazzkaar\"},\"image\":{\"@id\":\"https:\\\/\\\/www.jazzkaar.ee\\\/en\\\/#\\\/schema\\\/logo\\\/image\\\/\"}},{\"@type\":\"Person\",\"@id\":\"https:\\\/\\\/www.jazzkaar.ee\\\/en\\\/#\\\/schema\\\/person\\\/ca80b0181f967376324f53e3baa75b15\",\"name\":\"gert\",\"image\":{\"@type\":\"ImageObject\",\"inLanguage\":\"en-US\",\"@id\":\"https:\\\/\\\/secure.gravatar.com\\\/avatar\\\/2eb93c48c89c5cfc1d06c3490162f68736475055c038ff159041b19e0a2c7e4e?s=96&d=monsterid&r=g\",\"url\":\"https:\\\/\\\/secure.gravatar.com\\\/avatar\\\/2eb93c48c89c5cfc1d06c3490162f68736475055c038ff159041b19e0a2c7e4e?s=96&d=monsterid&r=g\",\"contentUrl\":\"https:\\\/\\\/secure.gravatar.com\\\/avatar\\\/2eb93c48c89c5cfc1d06c3490162f68736475055c038ff159041b19e0a2c7e4e?s=96&d=monsterid&r=g\",\"caption\":\"gert\"},\"sameAs\":[\"https:\\\/\\\/jazzkaar.ee\"],\"url\":\"https:\\\/\\\/jazzkaar.ee\\\/en\\\/author\\\/gert\\\/\"}]}<\/script>\n<!-- \/ Yoast SEO plugin. -->","yoast_head_json":{"title":"The line-up of Festival Jazzkaar 2016 now announced \u2013 40% off tickets today and tomorrow! - Festival Jazzkaar","robots":{"index":"index","follow":"follow","max-snippet":"max-snippet:-1","max-image-preview":"max-image-preview:large","max-video-preview":"max-video-preview:-1"},"canonical":"https:\/\/jazzkaar.ee\/en\/the-line-up-of-festival-jazzkaar-2016-now-announced-40-off-tickets-today-and-tomorrow\/","og_locale":"en_US","og_type":"article","og_title":"The line-up of Festival Jazzkaar 2016 now announced \u2013 40% off tickets today and tomorrow! - Festival Jazzkaar","og_url":"https:\/\/jazzkaar.ee\/en\/the-line-up-of-festival-jazzkaar-2016-now-announced-40-off-tickets-today-and-tomorrow\/","og_site_name":"Festival Jazzkaar","article_published_time":"2016-02-09T13:57:06+00:00","og_image":[{"url":"default","type":"","width":"","height":""}],"author":"gert","twitter_card":"summary_large_image","twitter_misc":{"Written by":"gert"},"schema":{"@context":"https:\/\/schema.org","@graph":[{"@type":"Article","@id":"https:\/\/jazzkaar.ee\/en\/the-line-up-of-festival-jazzkaar-2016-now-announced-40-off-tickets-today-and-tomorrow\/#article","isPartOf":{"@id":"https:\/\/jazzkaar.ee\/en\/the-line-up-of-festival-jazzkaar-2016-now-announced-40-off-tickets-today-and-tomorrow\/"},"author":{"name":"gert","@id":"https:\/\/www.jazzkaar.ee\/en\/#\/schema\/person\/ca80b0181f967376324f53e3baa75b15"},"headline":"The line-up of Festival Jazzkaar 2016 now announced \u2013 40% off tickets today and tomorrow!","datePublished":"2016-02-09T13:57:06+00:00","mainEntityOfPage":{"@id":"https:\/\/jazzkaar.ee\/en\/the-line-up-of-festival-jazzkaar-2016-now-announced-40-off-tickets-today-and-tomorrow\/"},"wordCount":12,"publisher":{"@id":"https:\/\/www.jazzkaar.ee\/en\/#organization"},"articleSection":["News"],"inLanguage":"en-US"},{"@type":"WebPage","@id":"https:\/\/jazzkaar.ee\/en\/the-line-up-of-festival-jazzkaar-2016-now-announced-40-off-tickets-today-and-tomorrow\/","url":"https:\/\/jazzkaar.ee\/en\/the-line-up-of-festival-jazzkaar-2016-now-announced-40-off-tickets-today-and-tomorrow\/","name":"The line-up of Festival Jazzkaar 2016 now announced \u2013 40% off tickets today and tomorrow! - Festival Jazzkaar","isPartOf":{"@id":"https:\/\/www.jazzkaar.ee\/en\/#website"},"datePublished":"2016-02-09T13:57:06+00:00","breadcrumb":{"@id":"https:\/\/jazzkaar.ee\/en\/the-line-up-of-festival-jazzkaar-2016-now-announced-40-off-tickets-today-and-tomorrow\/#breadcrumb"},"inLanguage":"en-US","potentialAction":[{"@type":"ReadAction","target":["https:\/\/jazzkaar.ee\/en\/the-line-up-of-festival-jazzkaar-2016-now-announced-40-off-tickets-today-and-tomorrow\/"]}]},{"@type":"BreadcrumbList","@id":"https:\/\/jazzkaar.ee\/en\/the-line-up-of-festival-jazzkaar-2016-now-announced-40-off-tickets-today-and-tomorrow\/#breadcrumb","itemListElement":[{"@type":"ListItem","position":1,"name":"Home","item":"https:\/\/www.jazzkaar.ee\/en\/"},{"@type":"ListItem","position":2,"name":"The line-up of Festival Jazzkaar 2016 now announced \u2013 40% off tickets today and tomorrow!"}]},{"@type":"WebSite","@id":"https:\/\/www.jazzkaar.ee\/en\/#website","url":"https:\/\/www.jazzkaar.ee\/en\/","name":"Festival Jazzkaar","description":"","publisher":{"@id":"https:\/\/www.jazzkaar.ee\/en\/#organization"},"potentialAction":[{"@type":"SearchAction","target":{"@type":"EntryPoint","urlTemplate":"https:\/\/www.jazzkaar.ee\/en\/?s={search_term_string}"},"query-input":{"@type":"PropertyValueSpecification","valueRequired":true,"valueName":"search_term_string"}}],"inLanguage":"en-US"},{"@type":"Organization","@id":"https:\/\/www.jazzkaar.ee\/en\/#organization","name":"Festival Jazzkaar","url":"https:\/\/www.jazzkaar.ee\/en\/","logo":{"@type":"ImageObject","inLanguage":"en-US","@id":"https:\/\/www.jazzkaar.ee\/en\/#\/schema\/logo\/image\/","url":"https:\/\/jazzkaar.ee\/wp-content\/uploads\/2022\/10\/Screenshot-2022-10-05-at-11.22.31.png","contentUrl":"https:\/\/jazzkaar.ee\/wp-content\/uploads\/2022\/10\/Screenshot-2022-10-05-at-11.22.31.png","width":1210,"height":664,"caption":"Festival Jazzkaar"},"image":{"@id":"https:\/\/www.jazzkaar.ee\/en\/#\/schema\/logo\/image\/"}},{"@type":"Person","@id":"https:\/\/www.jazzkaar.ee\/en\/#\/schema\/person\/ca80b0181f967376324f53e3baa75b15","name":"gert","image":{"@type":"ImageObject","inLanguage":"en-US","@id":"https:\/\/secure.gravatar.com\/avatar\/2eb93c48c89c5cfc1d06c3490162f68736475055c038ff159041b19e0a2c7e4e?s=96&d=monsterid&r=g","url":"https:\/\/secure.gravatar.com\/avatar\/2eb93c48c89c5cfc1d06c3490162f68736475055c038ff159041b19e0a2c7e4e?s=96&d=monsterid&r=g","contentUrl":"https:\/\/secure.gravatar.com\/avatar\/2eb93c48c89c5cfc1d06c3490162f68736475055c038ff159041b19e0a2c7e4e?s=96&d=monsterid&r=g","caption":"gert"},"sameAs":["https:\/\/jazzkaar.ee"],"url":"https:\/\/jazzkaar.ee\/en\/author\/gert\/"}]}},"_links":{"self":[{"href":"https:\/\/jazzkaar.ee\/en\/wp-json\/wp\/v2\/posts\/27854","targetHints":{"allow":["GET"]}}],"collection":[{"href":"https:\/\/jazzkaar.ee\/en\/wp-json\/wp\/v2\/posts"}],"about":[{"href":"https:\/\/jazzkaar.ee\/en\/wp-json\/wp\/v2\/types\/post"}],"author":[{"embeddable":true,"href":"https:\/\/jazzkaar.ee\/en\/wp-json\/wp\/v2\/users\/1"}],"replies":[{"embeddable":true,"href":"https:\/\/jazzkaar.ee\/en\/wp-json\/wp\/v2\/comments?post=27854"}],"version-history":[{"count":0,"href":"https:\/\/jazzkaar.ee\/en\/wp-json\/wp\/v2\/posts\/27854\/revisions"}],"wp:attachment":[{"href":"https:\/\/jazzkaar.ee\/en\/wp-json\/wp\/v2\/media?parent=27854"}],"wp:term":[{"taxonomy":"category","embeddable":true,"href":"https:\/\/jazzkaar.ee\/en\/wp-json\/wp\/v2\/categories?post=27854"},{"taxonomy":"post_tag","embeddable":true,"href":"https:\/\/jazzkaar.ee\/en\/wp-json\/wp\/v2\/tags?post=27854"}],"curies":[{"name":"wp","href":"https:\/\/api.w.org\/{rel}","templated":true}]}}